{"id":1777,"date":"2018-06-19T12:33:15","date_gmt":"2018-06-19T10:33:15","guid":{"rendered":"https:\/\/www.lesjardinsdebaracane.fr\/en\/?p=1777"},"modified":"2025-03-03T19:12:05","modified_gmt":"2025-03-03T18:12:05","slug":"what-to-see-in-avignon-this-summer","status":"publish","type":"post","link":"https:\/\/www.lesjardinsdebaracane.fr\/en\/what-to-see-in-avignon-this-summer\/","title":{"rendered":"What to see in Avignon this summer ?"},"content":{"rendered":"<h3>Christian Lacroix in Avignon<\/h3>\n<p><span id=\"result_box\" class=\"\" lang=\"en\"><span title=\"Christian Lacroix met en sc\u00e8ne les mus\u00e9es avignonnais : Mirabilis ou Merveilleux \u2013 Miracle en latin, est l\u2019expo d\u2019\u00e9t\u00e9 du Palais des Papes sc\u00e9nographi\u00e9e par le c\u00e9l\u00e8bre couturier du samedi 30 juin au dimanche 13 janvier 2019.\n\n\">Christian Lacroix stages the Avignon museums: Mirabilis or Merveilleux &#8211; Miracle in Latin, is the summer exhibition of the Palais des Papes set by the famous fashion designer from Saturday, June 30 to Sunday, January 13, 2019.<\/p>\n<p><\/span><span title=\"Cette exposition met en valeur une partie des collections secr\u00e8tes des mus\u00e9es municipaux dans le d\u00e9cor spectaculaire de la Grande Chapelle du Palais des Papes et renoue avec la tradition des cabinets de curiosit\u00e9s ch\u00e8re au si\u00e8cle des Lumi\u00e8res qui r\u00e9sonne dans l\u2019univers baroque de Christian Lacroix.\">This exhibition highlights some of the secret collections of municipal museums in the spectacular setting of the Grand Chapel of the Palais des Papes and returns to the tradition of cabinets of curiosities dear to the Age of Enlightenment that resonates in the baroque world of Christian Lacroix. <\/span><span title=\"Ce th\u00e8me central lui permet \u00abd\u2019inventer \u00bb un univers de curiosit\u00e9s mettant en sc\u00e8ne les collections propos\u00e9es par les conservateurs.\n\">This central theme allows him to &#8220;invent&#8221; a universe of curiosities featuring the collections proposed by the Conservatives.<br \/>\n<\/span><span title=\"Mirabilis propose \u00e0 travers un regroupement patrimonial in\u00e9dit, de d\u00e9couvrir un ensemble de 350 \u00e0 400 oeuvres, documents ou collections dont la plupart ont \u00e9t\u00e9 pr\u00eat\u00e9s par la Fondation Calvet.\">Mirabilis proposes, through an unprecedented heritage grouping, a collection of 350 to 400 works, documents or collections, most of which have been lent by the Calvet Foundation. <\/span><span title=\"Le visiteur y d\u00e9couvre l\u2019univers d\u2019un patrimoine qui, de la Pr\u00e9histoire \u00e0 l\u2019art moderne, en passant par des collections ethniques, le transporte de surprise en surprise.\n\n\">The visitor discovers the world of a heritage that, from prehistory to modern art, through ethnic collections, transports from surprise to surprise.<br \/>\n<\/span><\/span><\/p>\n<h3><span id=\"result_box\" class=\"\" lang=\"en\"><span title=\"Le visiteur y d\u00e9couvre l\u2019univers d\u2019un patrimoine qui, de la Pr\u00e9histoire \u00e0 l\u2019art moderne, en passant par des collections ethniques, le transporte de surprise en surprise.\n\n\"><br \/>\n<\/span><span title=\"Les mus\u00e9es d'Avignon \u2013 Calvet, Lapidaire, Requien, du Petit Palais et Palais du Roure \u2013 offrent une diversit\u00e9 rare, voire encyclop\u00e9dique de collections qui abordent aussi bien les sciences humaines que naturelles, l'arch\u00e9ologie, les beaux-arts, les arts\">Avignon&#8217;s museums <\/span><\/span><\/h3>\n<p><span id=\"result_box\" class=\"\" lang=\"en\"><span title=\"Les mus\u00e9es d'Avignon \u2013 Calvet, Lapidaire, Requien, du Petit Palais et Palais du Roure \u2013 offrent une diversit\u00e9 rare, voire encyclop\u00e9dique de collections qui abordent aussi bien les sciences humaines que naturelles, l'arch\u00e9ologie, les beaux-arts, les arts\">Calvet, Lapidaire, Requien, Petit Palais and Palais du Roure &#8211; offer a rare and even encyclopedic diversity of collections that cover both the human and natural sciences, archeology, the fine arts and the arts <\/span><span title=\"d\u00e9coratifs, la peinture ou la sculpture de toutes \u00e9poques.\">decorative, painting or sculpture of all times. <\/span><span title=\"Les contours de ces collections sans fronti\u00e8res concernent \u00e9galement des ensembles inattendus provenant d\u2019Europe, d\u2019Asie, d\u2019Afrique, d\u2019Am\u00e9rique, d\u2019Oc\u00e9anie -Chine, Cambodge, Turquie, Syrie, Inde, \u00eele de P\u00e2ques.\">The outlines of these borderless collections also include unexpected ensembles from Europe, Asia, Africa, America, Oceania-China, Cambodia, Turkey, Syria, India, Easter Island. <\/span><span title=\"Les collections avignonnaises sont estim\u00e9es \u00e0 plus d\u2019un million deux cents mille \u0153uvres d\u2019art, objets et documents, dont seulement dix pour cent sont accessibles au public.\n\n\">The Avignon collections are estimated at more than one million two hundred thousand works of art, objects and documents, of which only ten percent are accessible to the public.<\/p>\n<p><\/span><span title=\"La sc\u00e9nographie s'organise de mani\u00e8re centrale et solaire autour d'une Period Room intitul\u00e9e le Cabinet des Esprits en hommage \u00e0 des figures marquantes de l'histoire des mus\u00e9es avignonnais : Esprit Calvet (1728-1810), Esprit Requien (1758-1851)\">The scenography is organized in a central and solar way around a Period Room entitled the Cabinet of the Spirits in tribute to outstanding figures of the history of Avignon museums: Esprit Calvet (1728-1810), Esprit Requien (1758-1851) <\/span><span title=\"et Jeanne de Flandreysy (1874-1959).\n\n\">and Jeanne de Flandreysy (1874-1959).<\/p>\n<p><\/span><span title=\"Il s\u2019agit de r\u00e9v\u00e9ler, sous un nouveau jour, l\u2019histoire des collections d\u2019Avignon tout en suscitant la curiosit\u00e9 des visiteurs invit\u00e9s \u00e0 [re]d\u00e9couvrir les mus\u00e9es d\u2019Avignon.\">It is a question of revealing, in a new light, the history of the collections of Avignon while raising the curiosity of the visitors invited to [re] discover the museums of Avignon. <\/span><span title=\"L\u2019installation du Palais des Papes, con\u00e7ue comme le point de d\u00e9part d\u2019un parcours, entra\u00eene le public d\u2019un mus\u00e9e \u00e0 l\u2019autre.\">The installation of the Palace of the Popes, designed as the starting point of a route, leads the public from one museum to another. <\/span><span title=\"A chaque \u00e9tape, il d\u00e9couvre un ensemble d\u2019\u0153uvres appartenant et introduisant \u00e0 la visite du mus\u00e9e suivant.\n\n\">At each stage, he discovers a set of works belonging and introducing to the visit of the following museum.<\/p>\n<p><\/span><span title=\"\u2013 Palais des Papes, ouvert tous les jours : Juin 9h-19h ;\">&#8211; Palace of the Popes, open every day: June 9h-19h; <\/span><span title=\"Juillet 9h-20h ;\">July 9h-20h; <\/span><span title=\"Ao\u00fbt 9h-20h30 ;\">August 9h-20h30; <\/span><span title=\"du 1er\/09 au 1er\/11 9h-19h ;\">from 1\/09 to 1\/11 from 9am to 7pm; <\/span><span title=\"du 2\/11 au 15\/01 9h30-17h45.\">from 2\/11 to 15\/01 9h30-17h45. <\/span><span title=\"Fermeture des caisses 1h avant.\n\n\">Closing crates 1h before.<\/p>\n<p><\/span><span title=\"\u2013 mus\u00e9es du Petit Palais et Calvet, ouverts tous les jours sauf mardis : 10h-13h\/14h-18h, fermeture 25\/12 et 1er\/01.\n\n\">&#8211; Petit Palais and Calvet museums, open every day except Tuesdays: 10h-13h \/ 14h-18h, closing 25\/12 and 1st \/ 01.<\/p>\n<p><\/span><span title=\"\u2013 mus\u00e9e Lapidaire, ouvert tous les jours sauf lundis : 10h-13h\/14h-18h, fermeture 25\/12 et 1er\/01.\n\n\">&#8211; Lapidaire museum, open every day except Mondays: 10h-13h \/ 14h-18h, closing 25\/12 and 1st \/ 01.<\/p>\n<p><\/span><span title=\"\u2013 mus\u00e9e Requien et Palais du Roure, ouverts du mardi au samedi : 10h-13h\/14h-18h, fermeture 25\/12 et 1er\/01.\n\">&#8211; Mus\u00e9e Requien and Palais du Roure, open from Tuesday to Saturday: 10h-13h \/ 14h-18h, closed 25\/12 and 1st \/ 01.<br \/>\n<\/span><span title=\"Th\u00e8me(s) : Peinture, Sculpture, Dessin\n\">Theme (s): Painting, Sculpture, Drawing<br \/>\n<\/span><span title=\"Dates et horaires\n\n\">Dates and times<\/p>\n<p><\/span><span title=\"Du 30\/06\/2018 au 13\/01\/2019, tous les jours.\n\">From 30\/06\/2018 to 13\/01\/2019, every day.<br \/>\n<\/span><span title=\"Ouverture du Palais de Papes :\n\">Opening of the Palace of Popes:<br \/>\n<\/span><span title=\"\u2013 Juin : 9h-19h.\n\">&#8211; June: 9h-19h<br \/>\n<\/span><span title=\"\u2013 Juillet : 9h-20h.\n\">&#8211; July: 9h-20h.<br \/>\n<\/span><span title=\"\u2013 Ao\u00fbt : 9h-20h30.\n\">&#8211; August: 9:00 to 20:30<br \/>\n<\/span><span title=\"\u2013 du 1er\/09 au 1er\/11 : 9h-19h.\n\">&#8211; from 01\/09 to 01\/11 from 09:00 to 19:00.<br \/>\n<\/span><span title=\"\u2013 du 2\/11 au 15\/01 : 9h30-17h45\">&#8211; from 2\/11 to 15\/01: 09:30 to 17:45<\/span><\/span><\/p>\n","protected":false},"excerpt":{"rendered":"<p>Christian Lacroix in Avignon Christian Lacroix stages the Avignon museums: Mirabilis or Merveilleux &#8211; Miracle in Latin, is the summer exhibition of the Palais des Papes set by the famous fashion designer from Saturday, June 30 to Sunday, January 13, 2019. This exhibition highlights some of the secret collections of municipal museums in the spectacular [&hellip;]<\/p>\n","protected":false},"author":3,"featured_media":1775,"comment_status":"closed","ping_status":"closed","sticky":false,"template":"","format":"standard","meta":{"_et_pb_use_builder":"","_et_pb_old_content":"","_et_gb_content_width":"","footnotes":""},"categories":[5],"tags":[38,99,98],"class_list":["post-1777","post","type-post","status-publish","format-standard","has-post-thumbnail","hentry","category-our-news","tag-exhibition","tag-summer","tag-vacation"],"yoast_head":"<!-- This site is optimized with the Yoast SEO Premium plugin v25.6 (Yoast SEO v25.6) - https:\/\/yoast.com\/wordpress\/plugins\/seo\/ -->\n<title>What to see in Avignon this summer ? - Les Jardins de Baracane<\/title>\n<meta name=\"description\" content=\"Christian Lacroix born in Arles exhibit in the Pope Palace in Avignon with his cabinet de curiosit\u00e9s within the heat of Summer\" \/>\n<meta name=\"robots\" content=\"index, follow, max-snippet:-1, max-image-preview:large, max-video-preview:-1\" \/>\n<link rel=\"canonical\" href=\"https:\/\/www.lesjardinsdebaracane.fr\/voir-a-avignon-cet-ete-mirabilis\/\" \/>\n<meta property=\"og:locale\" content=\"en_US\" \/>\n<meta property=\"og:type\" content=\"article\" \/>\n<meta property=\"og:title\" content=\"What to see in Avignon this summer ?\" \/>\n<meta property=\"og:description\" content=\"Christian Lacroix born in Arles exhibit in the Pope Palace in Avignon with his cabinet de curiosit\u00e9s within the heat of Summer\" \/>\n<meta property=\"og:url\" content=\"https:\/\/www.lesjardinsdebaracane.fr\/voir-a-avignon-cet-ete-mirabilis\/\" \/>\n<meta property=\"og:site_name\" content=\"Les Jardins de Baracane\" \/>\n<meta property=\"article:published_time\" content=\"2018-06-19T10:33:15+00:00\" \/>\n<meta property=\"article:modified_time\" content=\"2025-03-03T18:12:05+00:00\" \/>\n<meta property=\"og:image\" content=\"https:\/\/www.lesjardinsdebaracane.fr\/wp-content\/uploads\/2018\/06\/MIRABILIS-TOTEM-LYON-PARD-1080X1920H-VECT-05062018.jpg\" \/>\n\t<meta property=\"og:image:width\" content=\"1080\" \/>\n\t<meta property=\"og:image:height\" content=\"1920\" \/>\n\t<meta property=\"og:image:type\" content=\"image\/jpeg\" \/>\n<meta name=\"author\" content=\"Laurence\" \/>\n<meta name=\"twitter:card\" content=\"summary_large_image\" \/>\n<meta name=\"twitter:label1\" content=\"Written by\" \/>\n\t<meta name=\"twitter:data1\" content=\"Laurence\" \/>\n\t<meta name=\"twitter:label2\" content=\"Est. reading time\" \/>\n\t<meta name=\"twitter:data2\" content=\"3 minutes\" \/>\n<script type=\"application\/ld+json\" class=\"yoast-schema-graph\">{\"@context\":\"https:\/\/schema.org\",\"@graph\":[{\"@type\":\"Article\",\"@id\":\"https:\/\/www.lesjardinsdebaracane.fr\/voir-a-avignon-cet-ete-mirabilis\/#article\",\"isPartOf\":{\"@id\":\"https:\/\/www.lesjardinsdebaracane.fr\/voir-a-avignon-cet-ete-mirabilis\/\"},\"author\":{\"name\":\"Laurence\",\"@id\":\"https:\/\/www.lesjardinsdebaracane.fr\/#\/schema\/person\/4ea2ca7256431d0d5e9e458712d0047c\"},\"headline\":\"What to see in Avignon this summer ?\",\"datePublished\":\"2018-06-19T10:33:15+00:00\",\"dateModified\":\"2025-03-03T18:12:05+00:00\",\"mainEntityOfPage\":{\"@id\":\"https:\/\/www.lesjardinsdebaracane.fr\/voir-a-avignon-cet-ete-mirabilis\/\"},\"wordCount\":493,\"publisher\":{\"@id\":\"https:\/\/www.lesjardinsdebaracane.fr\/#organization\"},\"image\":{\"@id\":\"https:\/\/www.lesjardinsdebaracane.fr\/voir-a-avignon-cet-ete-mirabilis\/#primaryimage\"},\"thumbnailUrl\":\"https:\/\/www.lesjardinsdebaracane.fr\/wp-content\/uploads\/2018\/06\/MIRABILIS-TOTEM-LYON-PARD-1080X1920H-VECT-05062018.jpg\",\"keywords\":[\"exhibition\",\"summer\",\"vacation\"],\"articleSection\":[\"Our news\"],\"inLanguage\":\"en-US\"},{\"@type\":\"WebPage\",\"@id\":\"https:\/\/www.lesjardinsdebaracane.fr\/voir-a-avignon-cet-ete-mirabilis\/\",\"url\":\"https:\/\/www.lesjardinsdebaracane.fr\/voir-a-avignon-cet-ete-mirabilis\/\",\"name\":\"What to see in Avignon this summer ? - Les Jardins de Baracane\",\"isPartOf\":{\"@id\":\"https:\/\/www.lesjardinsdebaracane.fr\/#website\"},\"primaryImageOfPage\":{\"@id\":\"https:\/\/www.lesjardinsdebaracane.fr\/voir-a-avignon-cet-ete-mirabilis\/#primaryimage\"},\"image\":{\"@id\":\"https:\/\/www.lesjardinsdebaracane.fr\/voir-a-avignon-cet-ete-mirabilis\/#primaryimage\"},\"thumbnailUrl\":\"https:\/\/www.lesjardinsdebaracane.fr\/wp-content\/uploads\/2018\/06\/MIRABILIS-TOTEM-LYON-PARD-1080X1920H-VECT-05062018.jpg\",\"datePublished\":\"2018-06-19T10:33:15+00:00\",\"dateModified\":\"2025-03-03T18:12:05+00:00\",\"description\":\"Christian Lacroix born in Arles exhibit in the Pope Palace in Avignon with his cabinet de curiosit\u00e9s within the heat of Summer\",\"breadcrumb\":{\"@id\":\"https:\/\/www.lesjardinsdebaracane.fr\/voir-a-avignon-cet-ete-mirabilis\/#breadcrumb\"},\"inLanguage\":\"en-US\",\"potentialAction\":[{\"@type\":\"ReadAction\",\"target\":[\"https:\/\/www.lesjardinsdebaracane.fr\/voir-a-avignon-cet-ete-mirabilis\/\"]}]},{\"@type\":\"ImageObject\",\"inLanguage\":\"en-US\",\"@id\":\"https:\/\/www.lesjardinsdebaracane.fr\/voir-a-avignon-cet-ete-mirabilis\/#primaryimage\",\"url\":\"https:\/\/www.lesjardinsdebaracane.fr\/wp-content\/uploads\/2018\/06\/MIRABILIS-TOTEM-LYON-PARD-1080X1920H-VECT-05062018.jpg\",\"contentUrl\":\"https:\/\/www.lesjardinsdebaracane.fr\/wp-content\/uploads\/2018\/06\/MIRABILIS-TOTEM-LYON-PARD-1080X1920H-VECT-05062018.jpg\",\"width\":1080,\"height\":1920},{\"@type\":\"BreadcrumbList\",\"@id\":\"https:\/\/www.lesjardinsdebaracane.fr\/voir-a-avignon-cet-ete-mirabilis\/#breadcrumb\",\"itemListElement\":[{\"@type\":\"ListItem\",\"position\":1,\"name\":\"Accueil\",\"item\":\"https:\/\/www.lesjardinsdebaracane.fr\/en\/\"},{\"@type\":\"ListItem\",\"position\":2,\"name\":\"What to see in Avignon this summer ?\"}]},{\"@type\":\"WebSite\",\"@id\":\"https:\/\/www.lesjardinsdebaracane.fr\/#website\",\"url\":\"https:\/\/www.lesjardinsdebaracane.fr\/\",\"name\":\"Les Jardins de Baracane\",\"description\":\"B&amp;B \u00e0 Avignon\",\"publisher\":{\"@id\":\"https:\/\/www.lesjardinsdebaracane.fr\/#organization\"},\"potentialAction\":[{\"@type\":\"SearchAction\",\"target\":{\"@type\":\"EntryPoint\",\"urlTemplate\":\"https:\/\/www.lesjardinsdebaracane.fr\/?s={search_term_string}\"},\"query-input\":{\"@type\":\"PropertyValueSpecification\",\"valueRequired\":true,\"valueName\":\"search_term_string\"}}],\"inLanguage\":\"en-US\"},{\"@type\":\"Organization\",\"@id\":\"https:\/\/www.lesjardinsdebaracane.fr\/#organization\",\"name\":\"Les Jardins de Baracane\",\"url\":\"https:\/\/www.lesjardinsdebaracane.fr\/\",\"logo\":{\"@type\":\"ImageObject\",\"inLanguage\":\"en-US\",\"@id\":\"https:\/\/www.lesjardinsdebaracane.fr\/#\/schema\/logo\/image\/\",\"url\":\"https:\/\/www.lesjardinsdebaracane.fr\/wp-content\/uploads\/2017\/02\/b-for-baracane.jpg\",\"contentUrl\":\"https:\/\/www.lesjardinsdebaracane.fr\/wp-content\/uploads\/2017\/02\/b-for-baracane.jpg\",\"width\":135,\"height\":147,\"caption\":\"Les Jardins de Baracane\"},\"image\":{\"@id\":\"https:\/\/www.lesjardinsdebaracane.fr\/#\/schema\/logo\/image\/\"}},{\"@type\":\"Person\",\"@id\":\"https:\/\/www.lesjardinsdebaracane.fr\/#\/schema\/person\/4ea2ca7256431d0d5e9e458712d0047c\",\"name\":\"Laurence\",\"url\":\"https:\/\/www.lesjardinsdebaracane.fr\/en\/author\/laurence\/\"}]}<\/script>\n<!-- \/ Yoast SEO Premium plugin. -->","yoast_head_json":{"title":"What to see in Avignon this summer ? - Les Jardins de Baracane","description":"Christian Lacroix born in Arles exhibit in the Pope Palace in Avignon with his cabinet de curiosit\u00e9s within the heat of Summer","robots":{"index":"index","follow":"follow","max-snippet":"max-snippet:-1","max-image-preview":"max-image-preview:large","max-video-preview":"max-video-preview:-1"},"canonical":"https:\/\/www.lesjardinsdebaracane.fr\/voir-a-avignon-cet-ete-mirabilis\/","og_locale":"en_US","og_type":"article","og_title":"What to see in Avignon this summer ?","og_description":"Christian Lacroix born in Arles exhibit in the Pope Palace in Avignon with his cabinet de curiosit\u00e9s within the heat of Summer","og_url":"https:\/\/www.lesjardinsdebaracane.fr\/voir-a-avignon-cet-ete-mirabilis\/","og_site_name":"Les Jardins de Baracane","article_published_time":"2018-06-19T10:33:15+00:00","article_modified_time":"2025-03-03T18:12:05+00:00","og_image":[{"width":1080,"height":1920,"url":"https:\/\/www.lesjardinsdebaracane.fr\/wp-content\/uploads\/2018\/06\/MIRABILIS-TOTEM-LYON-PARD-1080X1920H-VECT-05062018.jpg","type":"image\/jpeg"}],"author":"Laurence","twitter_card":"summary_large_image","twitter_misc":{"Written by":"Laurence","Est. reading time":"3 minutes"},"schema":{"@context":"https:\/\/schema.org","@graph":[{"@type":"Article","@id":"https:\/\/www.lesjardinsdebaracane.fr\/voir-a-avignon-cet-ete-mirabilis\/#article","isPartOf":{"@id":"https:\/\/www.lesjardinsdebaracane.fr\/voir-a-avignon-cet-ete-mirabilis\/"},"author":{"name":"Laurence","@id":"https:\/\/www.lesjardinsdebaracane.fr\/#\/schema\/person\/4ea2ca7256431d0d5e9e458712d0047c"},"headline":"What to see in Avignon this summer ?","datePublished":"2018-06-19T10:33:15+00:00","dateModified":"2025-03-03T18:12:05+00:00","mainEntityOfPage":{"@id":"https:\/\/www.lesjardinsdebaracane.fr\/voir-a-avignon-cet-ete-mirabilis\/"},"wordCount":493,"publisher":{"@id":"https:\/\/www.lesjardinsdebaracane.fr\/#organization"},"image":{"@id":"https:\/\/www.lesjardinsdebaracane.fr\/voir-a-avignon-cet-ete-mirabilis\/#primaryimage"},"thumbnailUrl":"https:\/\/www.lesjardinsdebaracane.fr\/wp-content\/uploads\/2018\/06\/MIRABILIS-TOTEM-LYON-PARD-1080X1920H-VECT-05062018.jpg","keywords":["exhibition","summer","vacation"],"articleSection":["Our news"],"inLanguage":"en-US"},{"@type":"WebPage","@id":"https:\/\/www.lesjardinsdebaracane.fr\/voir-a-avignon-cet-ete-mirabilis\/","url":"https:\/\/www.lesjardinsdebaracane.fr\/voir-a-avignon-cet-ete-mirabilis\/","name":"What to see in Avignon this summer ? - Les Jardins de Baracane","isPartOf":{"@id":"https:\/\/www.lesjardinsdebaracane.fr\/#website"},"primaryImageOfPage":{"@id":"https:\/\/www.lesjardinsdebaracane.fr\/voir-a-avignon-cet-ete-mirabilis\/#primaryimage"},"image":{"@id":"https:\/\/www.lesjardinsdebaracane.fr\/voir-a-avignon-cet-ete-mirabilis\/#primaryimage"},"thumbnailUrl":"https:\/\/www.lesjardinsdebaracane.fr\/wp-content\/uploads\/2018\/06\/MIRABILIS-TOTEM-LYON-PARD-1080X1920H-VECT-05062018.jpg","datePublished":"2018-06-19T10:33:15+00:00","dateModified":"2025-03-03T18:12:05+00:00","description":"Christian Lacroix born in Arles exhibit in the Pope Palace in Avignon with his cabinet de curiosit\u00e9s within the heat of Summer","breadcrumb":{"@id":"https:\/\/www.lesjardinsdebaracane.fr\/voir-a-avignon-cet-ete-mirabilis\/#breadcrumb"},"inLanguage":"en-US","potentialAction":[{"@type":"ReadAction","target":["https:\/\/www.lesjardinsdebaracane.fr\/voir-a-avignon-cet-ete-mirabilis\/"]}]},{"@type":"ImageObject","inLanguage":"en-US","@id":"https:\/\/www.lesjardinsdebaracane.fr\/voir-a-avignon-cet-ete-mirabilis\/#primaryimage","url":"https:\/\/www.lesjardinsdebaracane.fr\/wp-content\/uploads\/2018\/06\/MIRABILIS-TOTEM-LYON-PARD-1080X1920H-VECT-05062018.jpg","contentUrl":"https:\/\/www.lesjardinsdebaracane.fr\/wp-content\/uploads\/2018\/06\/MIRABILIS-TOTEM-LYON-PARD-1080X1920H-VECT-05062018.jpg","width":1080,"height":1920},{"@type":"BreadcrumbList","@id":"https:\/\/www.lesjardinsdebaracane.fr\/voir-a-avignon-cet-ete-mirabilis\/#breadcrumb","itemListElement":[{"@type":"ListItem","position":1,"name":"Accueil","item":"https:\/\/www.lesjardinsdebaracane.fr\/en\/"},{"@type":"ListItem","position":2,"name":"What to see in Avignon this summer ?"}]},{"@type":"WebSite","@id":"https:\/\/www.lesjardinsdebaracane.fr\/#website","url":"https:\/\/www.lesjardinsdebaracane.fr\/","name":"Les Jardins de Baracane","description":"B&amp;B \u00e0 Avignon","publisher":{"@id":"https:\/\/www.lesjardinsdebaracane.fr\/#organization"},"potentialAction":[{"@type":"SearchAction","target":{"@type":"EntryPoint","urlTemplate":"https:\/\/www.lesjardinsdebaracane.fr\/?s={search_term_string}"},"query-input":{"@type":"PropertyValueSpecification","valueRequired":true,"valueName":"search_term_string"}}],"inLanguage":"en-US"},{"@type":"Organization","@id":"https:\/\/www.lesjardinsdebaracane.fr\/#organization","name":"Les Jardins de Baracane","url":"https:\/\/www.lesjardinsdebaracane.fr\/","logo":{"@type":"ImageObject","inLanguage":"en-US","@id":"https:\/\/www.lesjardinsdebaracane.fr\/#\/schema\/logo\/image\/","url":"https:\/\/www.lesjardinsdebaracane.fr\/wp-content\/uploads\/2017\/02\/b-for-baracane.jpg","contentUrl":"https:\/\/www.lesjardinsdebaracane.fr\/wp-content\/uploads\/2017\/02\/b-for-baracane.jpg","width":135,"height":147,"caption":"Les Jardins de Baracane"},"image":{"@id":"https:\/\/www.lesjardinsdebaracane.fr\/#\/schema\/logo\/image\/"}},{"@type":"Person","@id":"https:\/\/www.lesjardinsdebaracane.fr\/#\/schema\/person\/4ea2ca7256431d0d5e9e458712d0047c","name":"Laurence","url":"https:\/\/www.lesjardinsdebaracane.fr\/en\/author\/laurence\/"}]}},"_links":{"self":[{"href":"https:\/\/www.lesjardinsdebaracane.fr\/en\/wp-json\/wp\/v2\/posts\/1777","targetHints":{"allow":["GET"]}}],"collection":[{"href":"https:\/\/www.lesjardinsdebaracane.fr\/en\/wp-json\/wp\/v2\/posts"}],"about":[{"href":"https:\/\/www.lesjardinsdebaracane.fr\/en\/wp-json\/wp\/v2\/types\/post"}],"author":[{"embeddable":true,"href":"https:\/\/www.lesjardinsdebaracane.fr\/en\/wp-json\/wp\/v2\/users\/3"}],"replies":[{"embeddable":true,"href":"https:\/\/www.lesjardinsdebaracane.fr\/en\/wp-json\/wp\/v2\/comments?post=1777"}],"version-history":[{"count":5,"href":"https:\/\/www.lesjardinsdebaracane.fr\/en\/wp-json\/wp\/v2\/posts\/1777\/revisions"}],"predecessor-version":[{"id":36798,"href":"https:\/\/www.lesjardinsdebaracane.fr\/en\/wp-json\/wp\/v2\/posts\/1777\/revisions\/36798"}],"wp:featuredmedia":[{"embeddable":true,"href":"https:\/\/www.lesjardinsdebaracane.fr\/en\/wp-json\/wp\/v2\/media\/1775"}],"wp:attachment":[{"href":"https:\/\/www.lesjardinsdebaracane.fr\/en\/wp-json\/wp\/v2\/media?parent=1777"}],"wp:term":[{"taxonomy":"category","embeddable":true,"href":"https:\/\/www.lesjardinsdebaracane.fr\/en\/wp-json\/wp\/v2\/categories?post=1777"},{"taxonomy":"post_tag","embeddable":true,"href":"https:\/\/www.lesjardinsdebaracane.fr\/en\/wp-json\/wp\/v2\/tags?post=1777"}],"curies":[{"name":"wp","href":"https:\/\/api.w.org\/{rel}","templated":true}]}}